{"id":386,"date":"2026-04-18T17:55:00","date_gmt":"2026-04-18T15:55:00","guid":{"rendered":"https:\/\/librairie-colibri.fr\/?p=386"},"modified":"2026-04-18T17:50:49","modified_gmt":"2026-04-18T15:50:49","slug":"mathilde-a-c","status":"publish","type":"post","link":"https:\/\/librairie-colibri.fr\/index.php\/2026\/04\/18\/mathilde-a-c\/","title":{"rendered":"Mathilde A.C."},"content":{"rendered":"\n<div class=\"wp-block-media-text is-stacked-on-mobile\"><figure class=\"wp-block-media-text__media\"><img loading=\"lazy\" decoding=\"async\" width=\"724\" height=\"1024\" src=\"https:\/\/librairie-colibri.fr\/wp-content\/uploads\/2026\/04\/Dedic-M.-A.-C-724x1024.jpg\" alt=\"\" class=\"wp-image-387 size-full\" srcset=\"https:\/\/librairie-colibri.fr\/wp-content\/uploads\/2026\/04\/Dedic-M.-A.-C-724x1024.jpg 724w, https:\/\/librairie-colibri.fr\/wp-content\/uploads\/2026\/04\/Dedic-M.-A.-C-212x300.jpg 212w, https:\/\/librairie-colibri.fr\/wp-content\/uploads\/2026\/04\/Dedic-M.-A.-C-768x1086.jpg 768w, https:\/\/librairie-colibri.fr\/wp-content\/uploads\/2026\/04\/Dedic-M.-A.-C-1086x1536.jpg 1086w, https:\/\/librairie-colibri.fr\/wp-content\/uploads\/2026\/04\/Dedic-M.-A.-C-106x150.jpg 106w, https:\/\/librairie-colibri.fr\/wp-content\/uploads\/2026\/04\/Dedic-M.-A.-C.jpg 1414w\" sizes=\"auto, (max-width: 724px) 100vw, 724px\" \/><\/figure><div class=\"wp-block-media-text__content\">\n<h2 class=\"wp-block-heading\">Samedi 30 mai, 15h &#8211; 18h<\/h2>\n\n\n\n<br>\n<p><mark style=\"background-color:rgba(0, 0, 0, 0)\" class=\"has-inline-color has-black-color\"><H4><p style=\"color: #000000;\">Le samedi 30 mai, La librairie re\u00e7oit, avec joie, une double d\u00e9dicace ! \n<br> Parmi les deux autrices, il y aura notamment Mathilde A.C., qui d\u00e9dicacera son roman La Magie des Elus. \n<br> Dans un monde emprunt de magie, aux accents d\u2019\u00c9gypte antique, nous rencontrons Isaak, dont la vie bascule avec l&rsquo;arriv\u00e9e d&rsquo;Ian. \n<br> Jusque-l\u00e0 sans histoire, son existence va se transformer en une aventure d\u00e9jant\u00e9e. \n<br>\n<br>\ud83d\udcc6 : 30\/05\n<br>\ud83d\udd52 : 15h &#8211; 18h<\/p><\/H4><\/mark><\/p>\n<\/div><\/div>\n","protected":false},"excerpt":{"rendered":"<p>Samedi 30 mai, 15h &#8211; 18h Le samedi 30 mai, La librairie re\u00e7oit, avec joie, une double d\u00e9dicace ! Parmi les deux autrices, il y aura notamment Mathilde A.C., qui d\u00e9dicacera son roman La Magie des Elus. Dans un monde emprunt de magie, aux accents d\u2019\u00c9gypte antique, nous rencontrons Isaak,&#8230;<\/p>\n<p class=\"continue-reading-button\"> <a class=\"continue-reading-link\" href=\"https:\/\/librairie-colibri.fr\/index.php\/2026\/04\/18\/mathilde-a-c\/\">Continue reading<i class=\"crycon-right-dir\"><\/i><\/a><\/p>\n","protected":false},"author":1,"featured_media":0,"comment_status":"closed","ping_status":"closed","sticky":false,"template":"","format":"standard","meta":{"footnotes":""},"categories":[5,9],"tags":[],"class_list":["post-386","post","type-post","status-publish","format-standard","hentry","category-evenements","category-signatures"],"_links":{"self":[{"href":"https:\/\/librairie-colibri.fr\/index.php\/wp-json\/wp\/v2\/posts\/386","targetHints":{"allow":["GET"]}}],"collection":[{"href":"https:\/\/librairie-colibri.fr\/index.php\/wp-json\/wp\/v2\/posts"}],"about":[{"href":"https:\/\/librairie-colibri.fr\/index.php\/wp-json\/wp\/v2\/types\/post"}],"author":[{"embeddable":true,"href":"https:\/\/librairie-colibri.fr\/index.php\/wp-json\/wp\/v2\/users\/1"}],"replies":[{"embeddable":true,"href":"https:\/\/librairie-colibri.fr\/index.php\/wp-json\/wp\/v2\/comments?post=386"}],"version-history":[{"count":2,"href":"https:\/\/librairie-colibri.fr\/index.php\/wp-json\/wp\/v2\/posts\/386\/revisions"}],"predecessor-version":[{"id":389,"href":"https:\/\/librairie-colibri.fr\/index.php\/wp-json\/wp\/v2\/posts\/386\/revisions\/389"}],"wp:attachment":[{"href":"https:\/\/librairie-colibri.fr\/index.php\/wp-json\/wp\/v2\/media?parent=386"}],"wp:term":[{"taxonomy":"category","embeddable":true,"href":"https:\/\/librairie-colibri.fr\/index.php\/wp-json\/wp\/v2\/categories?post=386"},{"taxonomy":"post_tag","embeddable":true,"href":"https:\/\/librairie-colibri.fr\/index.php\/wp-json\/wp\/v2\/tags?post=386"}],"curies":[{"name":"wp","href":"https:\/\/api.w.org\/{rel}","templated":true}]}}